{"id":52,"date":"2014-05-12T00:48:23","date_gmt":"2014-05-11T22:48:23","guid":{"rendered":"http:\/\/blog.laplumeetlagomme.fr\/?p=52"},"modified":"2014-09-06T12:32:54","modified_gmt":"2014-09-06T10:32:54","slug":"8-mai-1945-cest-quoi-la-guerre-maman","status":"publish","type":"post","link":"https:\/\/laplumeetlagomme.fr\/blog\/8-mai-1945-cest-quoi-la-guerre-maman\/","title":{"rendered":"8 mai 1945 : \u00ab C\u2019est quoi la guerre Maman ? \u00bb"},"content":{"rendered":"<p style=\"text-align: justify;\">\u00ab Maman c\u2019est quoi la guerre, pourquoi il y a plein de noms sur une pierre devant l\u2019\u00e9cole ? \u00bb dit \u00c9l\u00e9a, ma fille, du haut de ses 4 ans et demi. Comment aurais-je pu lui dire ? Comment pouvais-je lui expliquer que dans ce monde o\u00f9 elle n\u2019a toujours trouv\u00e9 qu\u2019amour, tranquillit\u00e9 et s\u00e9curit\u00e9, il fut un temps pas si lointain o\u00f9 tout \u00e9tait orage\u2026 Que dans d\u2019autres pays encore aujourd\u2019hui les enfants se cachent, les parents luttent et les morts s\u2019encha\u00eenent pour des causes qu\u2019ils ne connaissent m\u00eame plus ? Je n\u2019ai pas pu. Pourtant je sais qu\u2019il faudra un jour lui en parler, parce que je sais par-dessus tout que celui qui oublie le pass\u00e9 ne d\u00e9tient plus les cl\u00e9s de l\u2019avenir.<!--more--><\/p>\n<h2>Le devoir de m\u00e9moire<\/h2>\n<p style=\"text-align: justify;\">J\u2019ai beau \u00eatre une fervente partisane de cette lutte contre l\u2019oubli, je dois bien avouer que j&rsquo;ai \u00e9t\u00e9 choqu\u00e9e d&rsquo;entendre que l\u2019on pouvait \u00e9voquer la guerre \u00e0 de si jeunes enfants, rappelons- le en classe de moyenne section de maternelle. Un peu comme si l\u2019on voulait rattraper toutes ces ann\u00e9es o\u00f9 parler de la guerre \u00e9tait tabou, trop attendu, trop r\u00e9p\u00e9t\u00e9\u2026Et pourtant !<\/p>\n<p style=\"text-align: justify;\">Une fois que tous les contemporains ayant v\u00e9cu ces guerres l\u00e0 auront disparus, qui viendra les \u00e9voquer encore, qui viendra les rendre r\u00e9elles, qui viendra les sortir de nos livres d\u2019histoire ? Quoi de plus vrai que les r\u00e9cits de nos grands-parents, jeunes ou moins jeunes pour nous raconter tout cela ? Nos \u00e9crits, nos films, nos mus\u00e9es, leurs photos et leurs souvenirs, r\u00e9p\u00e9t\u00e9s, transmis de g\u00e9n\u00e9ration en g\u00e9n\u00e9ration pour surtout ne jamais oublier, ne jamais recommencer.<\/p>\n<p style=\"text-align: justify;\">Alors petit \u00e0 petit je raconterai \u00e0 ma fille ces histoires-l\u00e0. Celle de ma grand-m\u00e8re par exemple, rescap\u00e9e par une chance inou\u00efe des bombardements de la ville du Havre parce qu\u2019elle s\u2019\u00e9tait cach\u00e9e dans la cave du photographe pour lequel elle travaillait, son mari en captivit\u00e9. Et surtout je lui montrerai cette photo, bien plus \u00e9vocatrice que tous les mots&#8230;<\/p>\n<div id=\"attachment_55\" style=\"width: 310px\" class=\"wp-caption aligncenter\"><a href=\"http:\/\/blog.laplumeetlagomme.fr\/wp-content\/uploads\/2014\/05\/Le-Hvre-Avenue-Foch-1944.jpg\"><img loading=\"lazy\" decoding=\"async\" aria-describedby=\"caption-attachment-55\" class=\"size-medium wp-image-55\" src=\"http:\/\/blog.laplumeetlagomme.fr\/wp-content\/uploads\/2014\/05\/Le-Hvre-Avenue-Foch-1944-300x193.jpg\" alt=\"La famille Fernez, c\u00e9l\u00e8bres photographes Havrais accompagn\u00e9e de ma grand-m\u00e8re Georgette Le Meur. En deux jours de bombardements alli\u00e9s furent d\u00e9nombr\u00e9s 5123 morts. \" width=\"300\" height=\"193\" \/><\/a><p id=\"caption-attachment-55\" class=\"wp-caption-text\">Le miracle&#8230;La famille Fernez, c\u00e9l\u00e8bres photographes havrais, accompagn\u00e9e de ma grand-m\u00e8re Georgette Le Meur (\u00e0 droite), \u00e0 peine sortis des d\u00e9combres. En deux jours de bombardements alli\u00e9s sur Le Havre furent d\u00e9nombr\u00e9s 2053 morts, la ville fut presque enti\u00e8rement ras\u00e9e&#8230;(Collection priv\u00e9e M\u00e9lanie Le Meur Sorbets)<\/p><\/div>\n<p style=\"text-align: justify;\">Comment oublier cela ? Bien plus tard encore je lui raconterai mon travail d\u2019\u00e9tudiante de deux ans consacr\u00e9s \u00e0 l\u2019\u00e9criture d\u2019un m\u00e9moire en italien sur la litt\u00e9rature de Primo Levi auteur notamment de <em>Si c\u2019est un homme<\/em>, c\u00e9l\u00e8bre rescap\u00e9 des camps de concentration. Un travail qui m\u2019a amen\u00e9e quelques temps apr\u00e8s \u00e0 visiter avec des \u00e9l\u00e8ves le plus terrible endroit du monde : Auschwitz. Un cauchemar r\u00e9current qui ne peut me faire oublier tous ces morts inutiles, tous ces massacres insens\u00e9s\u2026<\/p>\n<h2>Lutter chaque jour contre la peur, l\u2019indiff\u00e9rence et l\u2019oubli<\/h2>\n<p style=\"text-align: justify;\">Toutefois, malgr\u00e9 toutes mes connaissances sur le domaine, j\u2019estime qu\u2019il n\u2019est pas forc\u00e9ment n\u00e9cessaire de vouloir en dire trop ou de vouloir expliquer \u00e0 tout prix. Si le devoir de m\u00e9moire est indispensable, il doit s\u2019effectuer avec intelligence, parcimonie et psychologie pour qu\u2019il soit efficace : on entend encore beaucoup d\u2019enfants du baby boom nous dire qu\u2019il y en avait trop, trop souvent\u2026Pour autant a-t-on vraiment r\u00e9ussi \u00e0 retracer ce chemin de notre histoire, il nous en reste encore tant \u00e0 parcourir !<\/p>\n<p style=\"text-align: justify;\">En revanche il n\u2019est gu\u00e8re difficile d\u2019observer qu\u2019au d\u00e9but de chaque guerre se retrouvent les m\u00eames racines : la peur de l\u2019autre, l\u2019ignorance, l\u2019orgueil et la volont\u00e9 de conqu\u00eate. Chaque conflit se nourrit de ces petites l\u00e2chet\u00e9s, chaque dictateur s\u2019\u00e9l\u00e8ve de ces ignorances. Chaque soldat conna\u00eet-il les raisons profondes qui le pousse \u00e0 tenir un fusil braqu\u00e9 sur un de ses semblables ?<\/p>\n<p style=\"text-align: justify;\">N\u2019est-il pas de notre devoir de parents d\u2019apprendre \u00e0 nos enfants \u00e0 s\u2019int\u00e9resser \u00e0 leurs semblables, \u00e0 ne pas avoir peur de se passionner pour d\u2019autres cultures, d\u2019autres religions, d\u2019autres pays, d\u2019autres amours ? Et puis surtout \u00e0 \u00eatre capable de faire leurs choix, de s\u2019interroger, de se diff\u00e9rencier, de critiquer, d\u2019\u00e9lever la voix, d\u2019\u00eatre solidaire \u00e0 une cause, une nation !<br \/>\nJ\u2019ai tant de choses \u00e0 t\u2019apprendre ma fille mais je t\u2019apprendrai avant toute chose \u00e0 aimer.<\/p>\n<p style=\"text-align: justify;\">M\u00e9lanie Sorbets, <a href=\"http:\/\/www.laplumeetlagomme.fr\">www.laplumeetlagomme.fr<\/a><\/p>\n<p>&nbsp;<\/p>\n","protected":false},"excerpt":{"rendered":"<p>\u00ab Maman c\u2019est quoi la guerre, pourquoi il y a plein de noms sur une pierre devant l\u2019\u00e9cole ? \u00bb dit \u00c9l\u00e9a, ma fille, du haut de ses 4 ans et demi. Comment aurais-je pu lui dire ? Comment pouvais-je lui expliquer que dans ce monde o\u00f9 elle n\u2019a toujours trouv\u00e9 qu\u2019amour, tranquillit\u00e9 et s\u00e9curit\u00e9, [&hellip;]<\/p>\n","protected":false},"author":1,"featured_media":0,"comment_status":"open","ping_status":"open","sticky":false,"template":"","format":"standard","meta":{"footnotes":""},"categories":[],"tags":[],"class_list":["post-52","post","type-post","status-publish","format-standard","hentry"],"yoast_head":"<!-- This site is optimized with the Yoast SEO plugin v24.9 - https:\/\/yoast.com\/wordpress\/plugins\/seo\/ -->\n<title>8 mai 1945 : \u00ab C\u2019est quoi la guerre Maman ? \u00bb  - La Plume et la Gomme en libert\u00e9<\/title>\n<meta name=\"robots\" content=\"index, follow, max-snippet:-1, max-image-preview:large, max-video-preview:-1\" \/>\n<link rel=\"canonical\" href=\"https:\/\/laplumeetlagomme.fr\/blog\/8-mai-1945-cest-quoi-la-guerre-maman\/\" \/>\n<meta property=\"og:locale\" content=\"fr_FR\" \/>\n<meta property=\"og:type\" content=\"article\" \/>\n<meta property=\"og:title\" content=\"8 mai 1945 : \u00ab C\u2019est quoi la guerre Maman ? \u00bb  - La Plume et la Gomme en libert\u00e9\" \/>\n<meta property=\"og:description\" content=\"\u00ab Maman c\u2019est quoi la guerre, pourquoi il y a plein de noms sur une pierre devant l\u2019\u00e9cole ? \u00bb dit \u00c9l\u00e9a, ma fille, du haut de ses 4 ans et demi. Comment aurais-je pu lui dire ? Comment pouvais-je lui expliquer que dans ce monde o\u00f9 elle n\u2019a toujours trouv\u00e9 qu\u2019amour, tranquillit\u00e9 et s\u00e9curit\u00e9, [&hellip;]\" \/>\n<meta property=\"og:url\" content=\"https:\/\/laplumeetlagomme.fr\/blog\/8-mai-1945-cest-quoi-la-guerre-maman\/\" \/>\n<meta property=\"og:site_name\" content=\"La Plume et la Gomme en libert\u00e9\" \/>\n<meta property=\"article:published_time\" content=\"2014-05-11T22:48:23+00:00\" \/>\n<meta property=\"article:modified_time\" content=\"2014-09-06T10:32:54+00:00\" \/>\n<meta property=\"og:image\" content=\"http:\/\/blog.laplumeetlagomme.fr\/wp-content\/uploads\/2014\/05\/Le-Hvre-Avenue-Foch-1944-300x193.jpg\" \/>\n<meta name=\"author\" content=\"admin\" \/>\n<meta name=\"twitter:card\" content=\"summary_large_image\" \/>\n<meta name=\"twitter:label1\" content=\"\u00c9crit par\" \/>\n\t<meta name=\"twitter:data1\" content=\"admin\" \/>\n\t<meta name=\"twitter:label2\" content=\"Dur\u00e9e de lecture estim\u00e9e\" \/>\n\t<meta name=\"twitter:data2\" content=\"4 minutes\" \/>\n<script type=\"application\/ld+json\" class=\"yoast-schema-graph\">{\"@context\":\"https:\/\/schema.org\",\"@graph\":[{\"@type\":\"WebPage\",\"@id\":\"https:\/\/laplumeetlagomme.fr\/blog\/8-mai-1945-cest-quoi-la-guerre-maman\/\",\"url\":\"https:\/\/laplumeetlagomme.fr\/blog\/8-mai-1945-cest-quoi-la-guerre-maman\/\",\"name\":\"8 mai 1945 : \u00ab C\u2019est quoi la guerre Maman ? \u00bb - La Plume et la Gomme en libert\u00e9\",\"isPartOf\":{\"@id\":\"https:\/\/laplumeetlagomme.fr\/blog\/#website\"},\"primaryImageOfPage\":{\"@id\":\"https:\/\/laplumeetlagomme.fr\/blog\/8-mai-1945-cest-quoi-la-guerre-maman\/#primaryimage\"},\"image\":{\"@id\":\"https:\/\/laplumeetlagomme.fr\/blog\/8-mai-1945-cest-quoi-la-guerre-maman\/#primaryimage\"},\"thumbnailUrl\":\"http:\/\/blog.laplumeetlagomme.fr\/wp-content\/uploads\/2014\/05\/Le-Hvre-Avenue-Foch-1944-300x193.jpg\",\"datePublished\":\"2014-05-11T22:48:23+00:00\",\"dateModified\":\"2014-09-06T10:32:54+00:00\",\"author\":{\"@id\":\"https:\/\/laplumeetlagomme.fr\/blog\/#\/schema\/person\/bbc6945a1afd7b3c56dfe808258c0e8b\"},\"breadcrumb\":{\"@id\":\"https:\/\/laplumeetlagomme.fr\/blog\/8-mai-1945-cest-quoi-la-guerre-maman\/#breadcrumb\"},\"inLanguage\":\"fr-FR\",\"potentialAction\":[{\"@type\":\"ReadAction\",\"target\":[\"https:\/\/laplumeetlagomme.fr\/blog\/8-mai-1945-cest-quoi-la-guerre-maman\/\"]}]},{\"@type\":\"ImageObject\",\"inLanguage\":\"fr-FR\",\"@id\":\"https:\/\/laplumeetlagomme.fr\/blog\/8-mai-1945-cest-quoi-la-guerre-maman\/#primaryimage\",\"url\":\"http:\/\/blog.laplumeetlagomme.fr\/wp-content\/uploads\/2014\/05\/Le-Hvre-Avenue-Foch-1944-300x193.jpg\",\"contentUrl\":\"http:\/\/blog.laplumeetlagomme.fr\/wp-content\/uploads\/2014\/05\/Le-Hvre-Avenue-Foch-1944-300x193.jpg\"},{\"@type\":\"BreadcrumbList\",\"@id\":\"https:\/\/laplumeetlagomme.fr\/blog\/8-mai-1945-cest-quoi-la-guerre-maman\/#breadcrumb\",\"itemListElement\":[{\"@type\":\"ListItem\",\"position\":1,\"name\":\"Accueil\",\"item\":\"https:\/\/laplumeetlagomme.fr\/blog\/\"},{\"@type\":\"ListItem\",\"position\":2,\"name\":\"8 mai 1945 : \u00ab C\u2019est quoi la guerre Maman ? \u00bb\"}]},{\"@type\":\"WebSite\",\"@id\":\"https:\/\/laplumeetlagomme.fr\/blog\/#website\",\"url\":\"https:\/\/laplumeetlagomme.fr\/blog\/\",\"name\":\"La Plume et la Gomme en libert\u00e9\",\"description\":\"\",\"potentialAction\":[{\"@type\":\"SearchAction\",\"target\":{\"@type\":\"EntryPoint\",\"urlTemplate\":\"https:\/\/laplumeetlagomme.fr\/blog\/?s={search_term_string}\"},\"query-input\":{\"@type\":\"PropertyValueSpecification\",\"valueRequired\":true,\"valueName\":\"search_term_string\"}}],\"inLanguage\":\"fr-FR\"},{\"@type\":\"Person\",\"@id\":\"https:\/\/laplumeetlagomme.fr\/blog\/#\/schema\/person\/bbc6945a1afd7b3c56dfe808258c0e8b\",\"name\":\"admin\",\"image\":{\"@type\":\"ImageObject\",\"inLanguage\":\"fr-FR\",\"@id\":\"https:\/\/laplumeetlagomme.fr\/blog\/#\/schema\/person\/image\/\",\"url\":\"https:\/\/secure.gravatar.com\/avatar\/469283ba3d6986a72a303613a00e93320a7b991c8c6395196fa9cd1a6beb3530?s=96&d=mm&r=g\",\"contentUrl\":\"https:\/\/secure.gravatar.com\/avatar\/469283ba3d6986a72a303613a00e93320a7b991c8c6395196fa9cd1a6beb3530?s=96&d=mm&r=g\",\"caption\":\"admin\"},\"url\":\"https:\/\/laplumeetlagomme.fr\/blog\/author\/js_zen\/\"}]}<\/script>\n<!-- \/ Yoast SEO plugin. -->","yoast_head_json":{"title":"8 mai 1945 : \u00ab C\u2019est quoi la guerre Maman ? \u00bb  - La Plume et la Gomme en libert\u00e9","robots":{"index":"index","follow":"follow","max-snippet":"max-snippet:-1","max-image-preview":"max-image-preview:large","max-video-preview":"max-video-preview:-1"},"canonical":"https:\/\/laplumeetlagomme.fr\/blog\/8-mai-1945-cest-quoi-la-guerre-maman\/","og_locale":"fr_FR","og_type":"article","og_title":"8 mai 1945 : \u00ab C\u2019est quoi la guerre Maman ? \u00bb  - La Plume et la Gomme en libert\u00e9","og_description":"\u00ab Maman c\u2019est quoi la guerre, pourquoi il y a plein de noms sur une pierre devant l\u2019\u00e9cole ? \u00bb dit \u00c9l\u00e9a, ma fille, du haut de ses 4 ans et demi. Comment aurais-je pu lui dire ? Comment pouvais-je lui expliquer que dans ce monde o\u00f9 elle n\u2019a toujours trouv\u00e9 qu\u2019amour, tranquillit\u00e9 et s\u00e9curit\u00e9, [&hellip;]","og_url":"https:\/\/laplumeetlagomme.fr\/blog\/8-mai-1945-cest-quoi-la-guerre-maman\/","og_site_name":"La Plume et la Gomme en libert\u00e9","article_published_time":"2014-05-11T22:48:23+00:00","article_modified_time":"2014-09-06T10:32:54+00:00","og_image":[{"url":"http:\/\/blog.laplumeetlagomme.fr\/wp-content\/uploads\/2014\/05\/Le-Hvre-Avenue-Foch-1944-300x193.jpg","type":"","width":"","height":""}],"author":"admin","twitter_card":"summary_large_image","twitter_misc":{"\u00c9crit par":"admin","Dur\u00e9e de lecture estim\u00e9e":"4 minutes"},"schema":{"@context":"https:\/\/schema.org","@graph":[{"@type":"WebPage","@id":"https:\/\/laplumeetlagomme.fr\/blog\/8-mai-1945-cest-quoi-la-guerre-maman\/","url":"https:\/\/laplumeetlagomme.fr\/blog\/8-mai-1945-cest-quoi-la-guerre-maman\/","name":"8 mai 1945 : \u00ab C\u2019est quoi la guerre Maman ? \u00bb - La Plume et la Gomme en libert\u00e9","isPartOf":{"@id":"https:\/\/laplumeetlagomme.fr\/blog\/#website"},"primaryImageOfPage":{"@id":"https:\/\/laplumeetlagomme.fr\/blog\/8-mai-1945-cest-quoi-la-guerre-maman\/#primaryimage"},"image":{"@id":"https:\/\/laplumeetlagomme.fr\/blog\/8-mai-1945-cest-quoi-la-guerre-maman\/#primaryimage"},"thumbnailUrl":"http:\/\/blog.laplumeetlagomme.fr\/wp-content\/uploads\/2014\/05\/Le-Hvre-Avenue-Foch-1944-300x193.jpg","datePublished":"2014-05-11T22:48:23+00:00","dateModified":"2014-09-06T10:32:54+00:00","author":{"@id":"https:\/\/laplumeetlagomme.fr\/blog\/#\/schema\/person\/bbc6945a1afd7b3c56dfe808258c0e8b"},"breadcrumb":{"@id":"https:\/\/laplumeetlagomme.fr\/blog\/8-mai-1945-cest-quoi-la-guerre-maman\/#breadcrumb"},"inLanguage":"fr-FR","potentialAction":[{"@type":"ReadAction","target":["https:\/\/laplumeetlagomme.fr\/blog\/8-mai-1945-cest-quoi-la-guerre-maman\/"]}]},{"@type":"ImageObject","inLanguage":"fr-FR","@id":"https:\/\/laplumeetlagomme.fr\/blog\/8-mai-1945-cest-quoi-la-guerre-maman\/#primaryimage","url":"http:\/\/blog.laplumeetlagomme.fr\/wp-content\/uploads\/2014\/05\/Le-Hvre-Avenue-Foch-1944-300x193.jpg","contentUrl":"http:\/\/blog.laplumeetlagomme.fr\/wp-content\/uploads\/2014\/05\/Le-Hvre-Avenue-Foch-1944-300x193.jpg"},{"@type":"BreadcrumbList","@id":"https:\/\/laplumeetlagomme.fr\/blog\/8-mai-1945-cest-quoi-la-guerre-maman\/#breadcrumb","itemListElement":[{"@type":"ListItem","position":1,"name":"Accueil","item":"https:\/\/laplumeetlagomme.fr\/blog\/"},{"@type":"ListItem","position":2,"name":"8 mai 1945 : \u00ab C\u2019est quoi la guerre Maman ? \u00bb"}]},{"@type":"WebSite","@id":"https:\/\/laplumeetlagomme.fr\/blog\/#website","url":"https:\/\/laplumeetlagomme.fr\/blog\/","name":"La Plume et la Gomme en libert\u00e9","description":"","potentialAction":[{"@type":"SearchAction","target":{"@type":"EntryPoint","urlTemplate":"https:\/\/laplumeetlagomme.fr\/blog\/?s={search_term_string}"},"query-input":{"@type":"PropertyValueSpecification","valueRequired":true,"valueName":"search_term_string"}}],"inLanguage":"fr-FR"},{"@type":"Person","@id":"https:\/\/laplumeetlagomme.fr\/blog\/#\/schema\/person\/bbc6945a1afd7b3c56dfe808258c0e8b","name":"admin","image":{"@type":"ImageObject","inLanguage":"fr-FR","@id":"https:\/\/laplumeetlagomme.fr\/blog\/#\/schema\/person\/image\/","url":"https:\/\/secure.gravatar.com\/avatar\/469283ba3d6986a72a303613a00e93320a7b991c8c6395196fa9cd1a6beb3530?s=96&d=mm&r=g","contentUrl":"https:\/\/secure.gravatar.com\/avatar\/469283ba3d6986a72a303613a00e93320a7b991c8c6395196fa9cd1a6beb3530?s=96&d=mm&r=g","caption":"admin"},"url":"https:\/\/laplumeetlagomme.fr\/blog\/author\/js_zen\/"}]}},"_links":{"self":[{"href":"https:\/\/laplumeetlagomme.fr\/blog\/wp-json\/wp\/v2\/posts\/52","targetHints":{"allow":["GET"]}}],"collection":[{"href":"https:\/\/laplumeetlagomme.fr\/blog\/wp-json\/wp\/v2\/posts"}],"about":[{"href":"https:\/\/laplumeetlagomme.fr\/blog\/wp-json\/wp\/v2\/types\/post"}],"author":[{"embeddable":true,"href":"https:\/\/laplumeetlagomme.fr\/blog\/wp-json\/wp\/v2\/users\/1"}],"replies":[{"embeddable":true,"href":"https:\/\/laplumeetlagomme.fr\/blog\/wp-json\/wp\/v2\/comments?post=52"}],"version-history":[{"count":14,"href":"https:\/\/laplumeetlagomme.fr\/blog\/wp-json\/wp\/v2\/posts\/52\/revisions"}],"predecessor-version":[{"id":279,"href":"https:\/\/laplumeetlagomme.fr\/blog\/wp-json\/wp\/v2\/posts\/52\/revisions\/279"}],"wp:attachment":[{"href":"https:\/\/laplumeetlagomme.fr\/blog\/wp-json\/wp\/v2\/media?parent=52"}],"wp:term":[{"taxonomy":"category","embeddable":true,"href":"https:\/\/laplumeetlagomme.fr\/blog\/wp-json\/wp\/v2\/categories?post=52"},{"taxonomy":"post_tag","embeddable":true,"href":"https:\/\/laplumeetlagomme.fr\/blog\/wp-json\/wp\/v2\/tags?post=52"}],"curies":[{"name":"wp","href":"https:\/\/api.w.org\/{rel}","templated":true}]}}