{"id":396,"date":"2015-01-08T15:24:17","date_gmt":"2015-01-08T13:24:17","guid":{"rendered":"http:\/\/www.laplumeetlagomme.fr\/blog\/?p=396"},"modified":"2020-03-24T15:22:35","modified_gmt":"2020-03-24T14:22:35","slug":"jecris-donc-je-suis-libre","status":"publish","type":"post","link":"https:\/\/laplumeetlagomme.fr\/blog\/jecris-donc-je-suis-libre\/","title":{"rendered":"J\u2019\u00e9cris donc je suis libre."},"content":{"rendered":"<p style=\"text-align: justify;\">Touch\u00e9e en plein c\u0153ur comme beaucoup d\u2019entre vous par l\u2019ignominie de l\u2019attentat d&rsquo;hier au journal <em>Charlie Hebdo<\/em>, je le suis aussi par le simple fait que d\u2019\u00e9crire est ma profession. Les mots sont mes outils. Et ils seront aussi les meilleurs alli\u00e9s de ma fille qui les apprend doucement. Je ne me tairai pas, ils n\u2019auraient jamais voulu. Je pense \u00e0 eux, je pense \u00e0 nous. J\u2019\u00e9cris donc je suis libre.<!--more--><\/p>\n<div id=\"attachment_398\" style=\"width: 635px\" class=\"wp-caption aligncenter\"><img loading=\"lazy\" decoding=\"async\" aria-describedby=\"caption-attachment-398\" class=\"size-large wp-image-398\" src=\"http:\/\/www.laplumeetlagomme.fr\/blog\/wp-content\/uploads\/2015\/01\/RD_DSC01226-1024x577.jpg\" alt=\"LIBRE ! Photo appartenant \u00e0 M\u00e9lanie Sorbets, www.laplumeetlagomme.fr\" width=\"625\" height=\"352\"><p id=\"caption-attachment-398\" class=\"wp-caption-text\">LIBRE ! Photo appartenant \u00e0 M\u00e9lanie Sorbets, <a href=\"http:\/\/www.laplumeetlagomme.fr\">www.laplumeetlagomme.fr<\/a><\/p><\/div>\n<h2 style=\"text-align: justify;\">De la libert\u00e9 de s\u2019exprimer\u2026<\/h2>\n<p style=\"text-align: justify;\">La plume et la gomme en libert\u00e9, le nom de mon blog, refl\u00e8te bien toutes ces possibilit\u00e9s immenses que je commence seulement \u00e0 entrapercevoir gr\u00e2ce \u00e0 l\u2019\u00e9criture. Cela aurait pu \u00eatre aussi par le dessin, par la peinture ou la sculpture. Mais je les laisse \u00e0 ceux qui en feront meilleur usage que moi.<\/p>\n<p style=\"text-align: justify;\">Aujourd\u2019hui plus que jamais, crions notre r\u00e9volte, \u00e9crivons, parlons, communiquons, r\u00e9unissons-nous pour que la mort de ces douze innocentes victimes de leurs mots, de leurs dessins ou bien de la malchance, ne soit pas qu\u2019une ignominie parmi tant d\u2019autres dans ce monde pas toujours aussi beau que j\u2019aimerais le conter.<\/p>\n<p style=\"text-align: justify;\">L\u2019\u00e9criture nous a d\u00e9j\u00e0 sauv\u00e9s et nous sauvera des pires prisons totalitaristes. Elle a su soulever,&nbsp; seulement par quelques lettres parfois, des vents de r\u00e9voltes libertaires si grands que nul n\u2019a pu les arr\u00eater. C\u2019est peut-\u00eatre aussi&nbsp; pour cela m\u00eame que beaucoup de journalistes, d\u2019\u00e9crivains ou de philosophes sont pers\u00e9cut\u00e9s \u00e0 travers le monde\u2026 N\u2019ayons pas peur des mots ! LIBERT\u00c9 !<\/p>\n<h2 style=\"text-align: justify;\">De l\u2019avenir\u2026<\/h2>\n<p style=\"text-align: justify;\">Comme tr\u00e8s certainement beaucoup de parents hier, je n\u2019ai, pour une fois, pas su trouver les mots pour expliquer \u00e0 ma fille de 5 ans qui les apprend pas \u00e0 pas que s\u2019ils \u00e9taient sa plus grande richesse, ils avaient sign\u00e9 injustement le sort d\u2019innocents tu\u00e9s ce jour. Je n\u2019ai pas su. Pourtant je saurai lui apprendre que chaque mot a une valeur, que chaque parole compte.<\/p>\n<p style=\"text-align: justify;\">Pour elle qui d\u00e9couvre l\u2019\u00e9criture et le langage tels les significations d\u2019un tr\u00e9sor cach\u00e9, je lui expliquerai ce que nous avons v\u00e9cu hier avec cette douleur affreuse et lancinante qui accompagne notre deuil d\u2019\u00eatre dans un monde o\u00f9 tout nous \u00e9chappe. Surtout je lui rappellerai que c\u2019est bien elle, ma petite puce de 5 ans qui avait raison : l\u2019\u00e9criture est un tr\u00e9sor, la cl\u00e9 de notre libert\u00e9 d\u2019\u00eatre. Ne laissons jamais personne ne nous l\u2019enlever. Au risque de voir s\u2019\u00e9chapper nos lignes d\u2019\u00e9criture derri\u00e8re les murs de la prison du silence\u2026<\/p>\n<p>J\u2019\u00e9cris donc je suis libre.<\/p>\n<p>M\u00e9lanie Sorbets-Le Meur,<a href=\"http:\/\/www.laplumeetlagomme.fr\"> www.laplumeetlagomme.fr <\/a><\/p>\n","protected":false},"excerpt":{"rendered":"<p>Touch\u00e9e en plein c\u0153ur comme beaucoup d\u2019entre vous par l\u2019ignominie de l\u2019attentat d&rsquo;hier au journal Charlie Hebdo, je le suis aussi par le simple fait que d\u2019\u00e9crire est ma profession. Les mots sont mes outils. Et ils seront aussi les meilleurs alli\u00e9s de ma fille qui les apprend doucement. Je ne me tairai pas, ils [&hellip;]<\/p>\n","protected":false},"author":1,"featured_media":0,"comment_status":"open","ping_status":"open","sticky":false,"template":"","format":"standard","meta":{"footnotes":""},"categories":[4],"tags":[],"class_list":["post-396","post","type-post","status-publish","format-standard","hentry","category-la-plume-sauvage"],"yoast_head":"<!-- This site is optimized with the Yoast SEO plugin v24.9 - https:\/\/yoast.com\/wordpress\/plugins\/seo\/ -->\n<title>J\u2019\u00e9cris donc je suis libre. - La Plume et la Gomme en libert\u00e9<\/title>\n<meta name=\"robots\" content=\"index, follow, max-snippet:-1, max-image-preview:large, max-video-preview:-1\" \/>\n<link rel=\"canonical\" href=\"https:\/\/laplumeetlagomme.fr\/blog\/jecris-donc-je-suis-libre\/\" \/>\n<meta property=\"og:locale\" content=\"fr_FR\" \/>\n<meta property=\"og:type\" content=\"article\" \/>\n<meta property=\"og:title\" content=\"J\u2019\u00e9cris donc je suis libre. - La Plume et la Gomme en libert\u00e9\" \/>\n<meta property=\"og:description\" content=\"Touch\u00e9e en plein c\u0153ur comme beaucoup d\u2019entre vous par l\u2019ignominie de l\u2019attentat d&rsquo;hier au journal Charlie Hebdo, je le suis aussi par le simple fait que d\u2019\u00e9crire est ma profession. Les mots sont mes outils. Et ils seront aussi les meilleurs alli\u00e9s de ma fille qui les apprend doucement. Je ne me tairai pas, ils [&hellip;]\" \/>\n<meta property=\"og:url\" content=\"https:\/\/laplumeetlagomme.fr\/blog\/jecris-donc-je-suis-libre\/\" \/>\n<meta property=\"og:site_name\" content=\"La Plume et la Gomme en libert\u00e9\" \/>\n<meta property=\"article:published_time\" content=\"2015-01-08T13:24:17+00:00\" \/>\n<meta property=\"article:modified_time\" content=\"2020-03-24T14:22:35+00:00\" \/>\n<meta property=\"og:image\" content=\"http:\/\/www.laplumeetlagomme.fr\/blog\/wp-content\/uploads\/2015\/01\/RD_DSC01226-1024x577.jpg\" \/>\n<meta name=\"author\" content=\"admin\" \/>\n<meta name=\"twitter:card\" content=\"summary_large_image\" \/>\n<meta name=\"twitter:label1\" content=\"\u00c9crit par\" \/>\n\t<meta name=\"twitter:data1\" content=\"admin\" \/>\n\t<meta name=\"twitter:label2\" content=\"Dur\u00e9e de lecture estim\u00e9e\" \/>\n\t<meta name=\"twitter:data2\" content=\"2 minutes\" \/>\n<script type=\"application\/ld+json\" class=\"yoast-schema-graph\">{\"@context\":\"https:\/\/schema.org\",\"@graph\":[{\"@type\":\"WebPage\",\"@id\":\"https:\/\/laplumeetlagomme.fr\/blog\/jecris-donc-je-suis-libre\/\",\"url\":\"https:\/\/laplumeetlagomme.fr\/blog\/jecris-donc-je-suis-libre\/\",\"name\":\"J\u2019\u00e9cris donc je suis libre. - La Plume et la Gomme en libert\u00e9\",\"isPartOf\":{\"@id\":\"https:\/\/laplumeetlagomme.fr\/blog\/#website\"},\"primaryImageOfPage\":{\"@id\":\"https:\/\/laplumeetlagomme.fr\/blog\/jecris-donc-je-suis-libre\/#primaryimage\"},\"image\":{\"@id\":\"https:\/\/laplumeetlagomme.fr\/blog\/jecris-donc-je-suis-libre\/#primaryimage\"},\"thumbnailUrl\":\"http:\/\/www.laplumeetlagomme.fr\/blog\/wp-content\/uploads\/2015\/01\/RD_DSC01226-1024x577.jpg\",\"datePublished\":\"2015-01-08T13:24:17+00:00\",\"dateModified\":\"2020-03-24T14:22:35+00:00\",\"author\":{\"@id\":\"https:\/\/laplumeetlagomme.fr\/blog\/#\/schema\/person\/bbc6945a1afd7b3c56dfe808258c0e8b\"},\"breadcrumb\":{\"@id\":\"https:\/\/laplumeetlagomme.fr\/blog\/jecris-donc-je-suis-libre\/#breadcrumb\"},\"inLanguage\":\"fr-FR\",\"potentialAction\":[{\"@type\":\"ReadAction\",\"target\":[\"https:\/\/laplumeetlagomme.fr\/blog\/jecris-donc-je-suis-libre\/\"]}]},{\"@type\":\"ImageObject\",\"inLanguage\":\"fr-FR\",\"@id\":\"https:\/\/laplumeetlagomme.fr\/blog\/jecris-donc-je-suis-libre\/#primaryimage\",\"url\":\"http:\/\/www.laplumeetlagomme.fr\/blog\/wp-content\/uploads\/2015\/01\/RD_DSC01226-1024x577.jpg\",\"contentUrl\":\"http:\/\/www.laplumeetlagomme.fr\/blog\/wp-content\/uploads\/2015\/01\/RD_DSC01226-1024x577.jpg\"},{\"@type\":\"BreadcrumbList\",\"@id\":\"https:\/\/laplumeetlagomme.fr\/blog\/jecris-donc-je-suis-libre\/#breadcrumb\",\"itemListElement\":[{\"@type\":\"ListItem\",\"position\":1,\"name\":\"Accueil\",\"item\":\"https:\/\/laplumeetlagomme.fr\/blog\/\"},{\"@type\":\"ListItem\",\"position\":2,\"name\":\"J\u2019\u00e9cris donc je suis libre.\"}]},{\"@type\":\"WebSite\",\"@id\":\"https:\/\/laplumeetlagomme.fr\/blog\/#website\",\"url\":\"https:\/\/laplumeetlagomme.fr\/blog\/\",\"name\":\"La Plume et la Gomme en libert\u00e9\",\"description\":\"\",\"potentialAction\":[{\"@type\":\"SearchAction\",\"target\":{\"@type\":\"EntryPoint\",\"urlTemplate\":\"https:\/\/laplumeetlagomme.fr\/blog\/?s={search_term_string}\"},\"query-input\":{\"@type\":\"PropertyValueSpecification\",\"valueRequired\":true,\"valueName\":\"search_term_string\"}}],\"inLanguage\":\"fr-FR\"},{\"@type\":\"Person\",\"@id\":\"https:\/\/laplumeetlagomme.fr\/blog\/#\/schema\/person\/bbc6945a1afd7b3c56dfe808258c0e8b\",\"name\":\"admin\",\"image\":{\"@type\":\"ImageObject\",\"inLanguage\":\"fr-FR\",\"@id\":\"https:\/\/laplumeetlagomme.fr\/blog\/#\/schema\/person\/image\/\",\"url\":\"https:\/\/secure.gravatar.com\/avatar\/469283ba3d6986a72a303613a00e93320a7b991c8c6395196fa9cd1a6beb3530?s=96&d=mm&r=g\",\"contentUrl\":\"https:\/\/secure.gravatar.com\/avatar\/469283ba3d6986a72a303613a00e93320a7b991c8c6395196fa9cd1a6beb3530?s=96&d=mm&r=g\",\"caption\":\"admin\"},\"url\":\"https:\/\/laplumeetlagomme.fr\/blog\/author\/js_zen\/\"}]}<\/script>\n<!-- \/ Yoast SEO plugin. -->","yoast_head_json":{"title":"J\u2019\u00e9cris donc je suis libre. - La Plume et la Gomme en libert\u00e9","robots":{"index":"index","follow":"follow","max-snippet":"max-snippet:-1","max-image-preview":"max-image-preview:large","max-video-preview":"max-video-preview:-1"},"canonical":"https:\/\/laplumeetlagomme.fr\/blog\/jecris-donc-je-suis-libre\/","og_locale":"fr_FR","og_type":"article","og_title":"J\u2019\u00e9cris donc je suis libre. - La Plume et la Gomme en libert\u00e9","og_description":"Touch\u00e9e en plein c\u0153ur comme beaucoup d\u2019entre vous par l\u2019ignominie de l\u2019attentat d&rsquo;hier au journal Charlie Hebdo, je le suis aussi par le simple fait que d\u2019\u00e9crire est ma profession. Les mots sont mes outils. Et ils seront aussi les meilleurs alli\u00e9s de ma fille qui les apprend doucement. Je ne me tairai pas, ils [&hellip;]","og_url":"https:\/\/laplumeetlagomme.fr\/blog\/jecris-donc-je-suis-libre\/","og_site_name":"La Plume et la Gomme en libert\u00e9","article_published_time":"2015-01-08T13:24:17+00:00","article_modified_time":"2020-03-24T14:22:35+00:00","og_image":[{"url":"http:\/\/www.laplumeetlagomme.fr\/blog\/wp-content\/uploads\/2015\/01\/RD_DSC01226-1024x577.jpg","type":"","width":"","height":""}],"author":"admin","twitter_card":"summary_large_image","twitter_misc":{"\u00c9crit par":"admin","Dur\u00e9e de lecture estim\u00e9e":"2 minutes"},"schema":{"@context":"https:\/\/schema.org","@graph":[{"@type":"WebPage","@id":"https:\/\/laplumeetlagomme.fr\/blog\/jecris-donc-je-suis-libre\/","url":"https:\/\/laplumeetlagomme.fr\/blog\/jecris-donc-je-suis-libre\/","name":"J\u2019\u00e9cris donc je suis libre. - La Plume et la Gomme en libert\u00e9","isPartOf":{"@id":"https:\/\/laplumeetlagomme.fr\/blog\/#website"},"primaryImageOfPage":{"@id":"https:\/\/laplumeetlagomme.fr\/blog\/jecris-donc-je-suis-libre\/#primaryimage"},"image":{"@id":"https:\/\/laplumeetlagomme.fr\/blog\/jecris-donc-je-suis-libre\/#primaryimage"},"thumbnailUrl":"http:\/\/www.laplumeetlagomme.fr\/blog\/wp-content\/uploads\/2015\/01\/RD_DSC01226-1024x577.jpg","datePublished":"2015-01-08T13:24:17+00:00","dateModified":"2020-03-24T14:22:35+00:00","author":{"@id":"https:\/\/laplumeetlagomme.fr\/blog\/#\/schema\/person\/bbc6945a1afd7b3c56dfe808258c0e8b"},"breadcrumb":{"@id":"https:\/\/laplumeetlagomme.fr\/blog\/jecris-donc-je-suis-libre\/#breadcrumb"},"inLanguage":"fr-FR","potentialAction":[{"@type":"ReadAction","target":["https:\/\/laplumeetlagomme.fr\/blog\/jecris-donc-je-suis-libre\/"]}]},{"@type":"ImageObject","inLanguage":"fr-FR","@id":"https:\/\/laplumeetlagomme.fr\/blog\/jecris-donc-je-suis-libre\/#primaryimage","url":"http:\/\/www.laplumeetlagomme.fr\/blog\/wp-content\/uploads\/2015\/01\/RD_DSC01226-1024x577.jpg","contentUrl":"http:\/\/www.laplumeetlagomme.fr\/blog\/wp-content\/uploads\/2015\/01\/RD_DSC01226-1024x577.jpg"},{"@type":"BreadcrumbList","@id":"https:\/\/laplumeetlagomme.fr\/blog\/jecris-donc-je-suis-libre\/#breadcrumb","itemListElement":[{"@type":"ListItem","position":1,"name":"Accueil","item":"https:\/\/laplumeetlagomme.fr\/blog\/"},{"@type":"ListItem","position":2,"name":"J\u2019\u00e9cris donc je suis libre."}]},{"@type":"WebSite","@id":"https:\/\/laplumeetlagomme.fr\/blog\/#website","url":"https:\/\/laplumeetlagomme.fr\/blog\/","name":"La Plume et la Gomme en libert\u00e9","description":"","potentialAction":[{"@type":"SearchAction","target":{"@type":"EntryPoint","urlTemplate":"https:\/\/laplumeetlagomme.fr\/blog\/?s={search_term_string}"},"query-input":{"@type":"PropertyValueSpecification","valueRequired":true,"valueName":"search_term_string"}}],"inLanguage":"fr-FR"},{"@type":"Person","@id":"https:\/\/laplumeetlagomme.fr\/blog\/#\/schema\/person\/bbc6945a1afd7b3c56dfe808258c0e8b","name":"admin","image":{"@type":"ImageObject","inLanguage":"fr-FR","@id":"https:\/\/laplumeetlagomme.fr\/blog\/#\/schema\/person\/image\/","url":"https:\/\/secure.gravatar.com\/avatar\/469283ba3d6986a72a303613a00e93320a7b991c8c6395196fa9cd1a6beb3530?s=96&d=mm&r=g","contentUrl":"https:\/\/secure.gravatar.com\/avatar\/469283ba3d6986a72a303613a00e93320a7b991c8c6395196fa9cd1a6beb3530?s=96&d=mm&r=g","caption":"admin"},"url":"https:\/\/laplumeetlagomme.fr\/blog\/author\/js_zen\/"}]}},"_links":{"self":[{"href":"https:\/\/laplumeetlagomme.fr\/blog\/wp-json\/wp\/v2\/posts\/396","targetHints":{"allow":["GET"]}}],"collection":[{"href":"https:\/\/laplumeetlagomme.fr\/blog\/wp-json\/wp\/v2\/posts"}],"about":[{"href":"https:\/\/laplumeetlagomme.fr\/blog\/wp-json\/wp\/v2\/types\/post"}],"author":[{"embeddable":true,"href":"https:\/\/laplumeetlagomme.fr\/blog\/wp-json\/wp\/v2\/users\/1"}],"replies":[{"embeddable":true,"href":"https:\/\/laplumeetlagomme.fr\/blog\/wp-json\/wp\/v2\/comments?post=396"}],"version-history":[{"count":4,"href":"https:\/\/laplumeetlagomme.fr\/blog\/wp-json\/wp\/v2\/posts\/396\/revisions"}],"predecessor-version":[{"id":525,"href":"https:\/\/laplumeetlagomme.fr\/blog\/wp-json\/wp\/v2\/posts\/396\/revisions\/525"}],"wp:attachment":[{"href":"https:\/\/laplumeetlagomme.fr\/blog\/wp-json\/wp\/v2\/media?parent=396"}],"wp:term":[{"taxonomy":"category","embeddable":true,"href":"https:\/\/laplumeetlagomme.fr\/blog\/wp-json\/wp\/v2\/categories?post=396"},{"taxonomy":"post_tag","embeddable":true,"href":"https:\/\/laplumeetlagomme.fr\/blog\/wp-json\/wp\/v2\/tags?post=396"}],"curies":[{"name":"wp","href":"https:\/\/api.w.org\/{rel}","templated":true}]}}