{"id":39,"date":"2014-04-26T15:20:36","date_gmt":"2014-04-26T13:20:36","guid":{"rendered":"http:\/\/blog.laplumeetlagomme.fr\/?p=39"},"modified":"2014-09-06T10:54:50","modified_gmt":"2014-09-06T08:54:50","slug":"etre-correcteur-redacteur-professionnel-a-angouleme-vivre-en-charente-un-choix","status":"publish","type":"post","link":"https:\/\/laplumeetlagomme.fr\/blog\/etre-correcteur-redacteur-professionnel-a-angouleme-vivre-en-charente-un-choix\/","title":{"rendered":"\u00catre correcteur-r\u00e9dacteur professionnel \u00e0 Angoul\u00eame, vivre en Charente un choix !"},"content":{"rendered":"<p style=\"text-align: justify;\">Cette petite phrase suscite bien souvent l\u2019int\u00e9r\u00eat de mon auditoire : pourquoi \u00eatre correcteur et surtout pourquoi l\u00e0\u2026 en Charente ? Et pourquoi pas ! Ici on \u00e9crit comme ailleurs, et surtout malgr\u00e9 notre \u00ab\u00a0forfait campagne\u00a0\u00bb on a Internet, si si je vous assure ! Bien s\u00fbr ce n\u2019est pas le centre du <em>Monde<\/em>, ni le lieu id\u00e9al pour un mariage au <em>Figaro<\/em> et on y croise rarement un <em>Nouvel Observateur<\/em>. En revanche nous poss\u00e9dons ce que vous les citadins n&rsquo;avez qu&rsquo;en jardins publics : un horizon ouvert, des for\u00eats, des vues imprenables, des lacs et des tournesols\u2026<!--more--><\/p>\n<h2>Vivre et travailler en Charente ?<\/h2>\n<p style=\"text-align: justify;\">Contrairement \u00e0 l\u2019opinion commune, oui ici tout est possible !<br \/>\nIl faut avoir des id\u00e9es, beaucoup d\u2019id\u00e9es. Et du temp\u00e9rament, si ce n\u2019est un petit grain de folie. Mais vivre ici, malgr\u00e9 tout ce que l\u2019on pourra en dire, c\u2019est avant tout aimer le soleil, les arbres qui dansent sous la pluie battante, les collines qui s\u2019\u00e9tirent sous nos yeux pendant que nos petits c\u00e8pes grandissent lentement cach\u00e9s sous les feuilles. Et ces gens l\u00e0 timides et peu bavards aux premiers abords, mais aux c\u0153urs et aux sourires si grands\u2026<br \/>\nVivre ici est aussi fait de petits plaisirs simples. Une longue journ\u00e9e de travail sur des \u00e9crans de toutes sortes, prendre ses baskets et se retrouver en moins de 5 minutes ici :<\/p>\n<div id=\"attachment_40\" style=\"width: 310px\" class=\"wp-caption aligncenter\"><a href=\"http:\/\/blog.laplumeetlagomme.fr\/wp-content\/uploads\/2014\/04\/30955_3941977864030_336848896_n.jpg\"><img loading=\"lazy\" decoding=\"async\" aria-describedby=\"caption-attachment-40\" class=\"wp-image-40 size-medium\" src=\"http:\/\/blog.laplumeetlagomme.fr\/wp-content\/uploads\/2014\/04\/30955_3941977864030_336848896_n-300x200.jpg\" alt=\"Photo : M\u00e9lanie Sorbets\" width=\"300\" height=\"200\" \/><\/a><p id=\"caption-attachment-40\" class=\"wp-caption-text\">Photo : M\u00e9lanie Sorbets<\/p><\/div>\n<p style=\"text-align: justify;\">Revenir de cette belle promenade en prolongeant la soir\u00e9e sur la terrasse en ayant le plaisir d\u2019observer cela :<\/p>\n<div id=\"attachment_41\" style=\"width: 310px\" class=\"wp-caption aligncenter\"><a href=\"http:\/\/blog.laplumeetlagomme.fr\/wp-content\/uploads\/2014\/04\/53042_3752048755921_1647706671_o.jpg\"><img loading=\"lazy\" decoding=\"async\" aria-describedby=\"caption-attachment-41\" class=\"wp-image-41 size-medium\" src=\"http:\/\/blog.laplumeetlagomme.fr\/wp-content\/uploads\/2014\/04\/53042_3752048755921_1647706671_o-300x225.jpg\" alt=\"Photo : M\u00e9lanie Sorbets\" width=\"300\" height=\"225\" \/><\/a><p id=\"caption-attachment-41\" class=\"wp-caption-text\">Photo : M\u00e9lanie Sorbets<\/p><\/div>\n<p style=\"text-align: justify;\">Vivre ici, c&rsquo;est savoir aimer et regarder&#8230;<\/p>\n<h2><strong>Profession : correcteur, d\u00e9partement : Charente<\/strong><\/h2>\n<p style=\"text-align: justify;\">Je dis correcteur mais bien s\u00fbr cela sous-entend correctrice, je ne me suis transform\u00e9e ni en \u00eatre masculin ni en programme informatique en une nuit !<br \/>\nAu d\u00e9but de ma formation au CEC de correcteur, je me souviens encore des regards \u00e9tonn\u00e9s lors des pr\u00e9sentations de chacune (pas d\u2019hommes cette ann\u00e9e-l\u00e0), lorsque j\u2019ai \u00e9voqu\u00e9 bri\u00e8vement mon C. V. puis mon lieu de r\u00e9sidence. Pour le C. V. j\u2019y reviendrai plus tard, pour mon d\u00e9partement, allons-y\u00a0 !<br \/>\n\u00ab En Charente il n\u2019y a rien, la B. D. tout au plus et\u2026 c\u2019est tout\u2026 \u00bb m\u2019avait dit inquiet mon formateur.<br \/>\nJe me souviens encore de ma r\u00e9ponse : \u00ab Non il n\u2019y a pas rien ! Il y a beaucoup, beaucoup plus que vous pouvez l\u2019imaginer Monsieur ! Et justement \u00e7a tombe bien, l\u2019imagination j\u2019en ai \u00e0 revendre ! \u00bb. Il se souvient encore tr\u00e8s bien de cette phrase et, moi aussi .<br \/>\nHeureusement,\u00a0 je ma\u00eetrise plut\u00f4t bien les paroles sacr\u00e9es de notre Dieu Google et je poss\u00e8de une boite mail qui n\u2019a pas besoin de beaucoup de m\u00e9gabits pour \u00eatre plus rapide qu&rsquo;une cagouille. Donnez-moi Paris, d\u00e9sol\u00e9e mais je pr\u00e9f\u00e8re le pari d&rsquo;Angoul\u00eame !<br \/>\nVivre ici c\u2019est avoir le monde \u00e0 port\u00e9e de clic et l\u2019horizon \u00e0 port\u00e9e de main&#8230;<\/p>\n<p style=\"text-align: justify;\">M\u00e9lanie Sorbets, <a href=\"http:\/\/www.laplumeetlagomme.fr\">www.laplumeetlagomme.fr<\/a><\/p>\n","protected":false},"excerpt":{"rendered":"<p>Cette petite phrase suscite bien souvent l\u2019int\u00e9r\u00eat de mon auditoire : pourquoi \u00eatre correcteur et surtout pourquoi l\u00e0\u2026 en Charente ? Et pourquoi pas ! Ici on \u00e9crit comme ailleurs, et surtout malgr\u00e9 notre \u00ab\u00a0forfait campagne\u00a0\u00bb on a Internet, si si je vous assure ! Bien s\u00fbr ce n\u2019est pas le centre du Monde, ni [&hellip;]<\/p>\n","protected":false},"author":1,"featured_media":0,"comment_status":"open","ping_status":"open","sticky":false,"template":"","format":"standard","meta":{"footnotes":""},"categories":[],"tags":[],"class_list":["post-39","post","type-post","status-publish","format-standard","hentry"],"yoast_head":"<!-- This site is optimized with the Yoast SEO plugin v24.9 - https:\/\/yoast.com\/wordpress\/plugins\/seo\/ -->\n<title>\u00catre correcteur-r\u00e9dacteur professionnel \u00e0 Angoul\u00eame, vivre en Charente un choix ! - La Plume et la Gomme en libert\u00e9<\/title>\n<meta name=\"robots\" content=\"index, follow, max-snippet:-1, max-image-preview:large, max-video-preview:-1\" \/>\n<link rel=\"canonical\" href=\"https:\/\/laplumeetlagomme.fr\/blog\/etre-correcteur-redacteur-professionnel-a-angouleme-vivre-en-charente-un-choix\/\" \/>\n<meta property=\"og:locale\" content=\"fr_FR\" \/>\n<meta property=\"og:type\" content=\"article\" \/>\n<meta property=\"og:title\" content=\"\u00catre correcteur-r\u00e9dacteur professionnel \u00e0 Angoul\u00eame, vivre en Charente un choix ! - La Plume et la Gomme en libert\u00e9\" \/>\n<meta property=\"og:description\" content=\"Cette petite phrase suscite bien souvent l\u2019int\u00e9r\u00eat de mon auditoire : pourquoi \u00eatre correcteur et surtout pourquoi l\u00e0\u2026 en Charente ? Et pourquoi pas ! Ici on \u00e9crit comme ailleurs, et surtout malgr\u00e9 notre \u00ab\u00a0forfait campagne\u00a0\u00bb on a Internet, si si je vous assure ! Bien s\u00fbr ce n\u2019est pas le centre du Monde, ni [&hellip;]\" \/>\n<meta property=\"og:url\" content=\"https:\/\/laplumeetlagomme.fr\/blog\/etre-correcteur-redacteur-professionnel-a-angouleme-vivre-en-charente-un-choix\/\" \/>\n<meta property=\"og:site_name\" content=\"La Plume et la Gomme en libert\u00e9\" \/>\n<meta property=\"article:published_time\" content=\"2014-04-26T13:20:36+00:00\" \/>\n<meta property=\"article:modified_time\" content=\"2014-09-06T08:54:50+00:00\" \/>\n<meta property=\"og:image\" content=\"http:\/\/blog.laplumeetlagomme.fr\/wp-content\/uploads\/2014\/04\/30955_3941977864030_336848896_n-300x200.jpg\" \/>\n<meta name=\"author\" content=\"admin\" \/>\n<meta name=\"twitter:card\" content=\"summary_large_image\" \/>\n<meta name=\"twitter:label1\" content=\"\u00c9crit par\" \/>\n\t<meta name=\"twitter:data1\" content=\"admin\" \/>\n\t<meta name=\"twitter:label2\" content=\"Dur\u00e9e de lecture estim\u00e9e\" \/>\n\t<meta name=\"twitter:data2\" content=\"3 minutes\" \/>\n<script type=\"application\/ld+json\" class=\"yoast-schema-graph\">{\"@context\":\"https:\/\/schema.org\",\"@graph\":[{\"@type\":\"WebPage\",\"@id\":\"https:\/\/laplumeetlagomme.fr\/blog\/etre-correcteur-redacteur-professionnel-a-angouleme-vivre-en-charente-un-choix\/\",\"url\":\"https:\/\/laplumeetlagomme.fr\/blog\/etre-correcteur-redacteur-professionnel-a-angouleme-vivre-en-charente-un-choix\/\",\"name\":\"\u00catre correcteur-r\u00e9dacteur professionnel \u00e0 Angoul\u00eame, vivre en Charente un choix ! - La Plume et la Gomme en libert\u00e9\",\"isPartOf\":{\"@id\":\"https:\/\/laplumeetlagomme.fr\/blog\/#website\"},\"primaryImageOfPage\":{\"@id\":\"https:\/\/laplumeetlagomme.fr\/blog\/etre-correcteur-redacteur-professionnel-a-angouleme-vivre-en-charente-un-choix\/#primaryimage\"},\"image\":{\"@id\":\"https:\/\/laplumeetlagomme.fr\/blog\/etre-correcteur-redacteur-professionnel-a-angouleme-vivre-en-charente-un-choix\/#primaryimage\"},\"thumbnailUrl\":\"http:\/\/blog.laplumeetlagomme.fr\/wp-content\/uploads\/2014\/04\/30955_3941977864030_336848896_n-300x200.jpg\",\"datePublished\":\"2014-04-26T13:20:36+00:00\",\"dateModified\":\"2014-09-06T08:54:50+00:00\",\"author\":{\"@id\":\"https:\/\/laplumeetlagomme.fr\/blog\/#\/schema\/person\/bbc6945a1afd7b3c56dfe808258c0e8b\"},\"breadcrumb\":{\"@id\":\"https:\/\/laplumeetlagomme.fr\/blog\/etre-correcteur-redacteur-professionnel-a-angouleme-vivre-en-charente-un-choix\/#breadcrumb\"},\"inLanguage\":\"fr-FR\",\"potentialAction\":[{\"@type\":\"ReadAction\",\"target\":[\"https:\/\/laplumeetlagomme.fr\/blog\/etre-correcteur-redacteur-professionnel-a-angouleme-vivre-en-charente-un-choix\/\"]}]},{\"@type\":\"ImageObject\",\"inLanguage\":\"fr-FR\",\"@id\":\"https:\/\/laplumeetlagomme.fr\/blog\/etre-correcteur-redacteur-professionnel-a-angouleme-vivre-en-charente-un-choix\/#primaryimage\",\"url\":\"http:\/\/blog.laplumeetlagomme.fr\/wp-content\/uploads\/2014\/04\/30955_3941977864030_336848896_n-300x200.jpg\",\"contentUrl\":\"http:\/\/blog.laplumeetlagomme.fr\/wp-content\/uploads\/2014\/04\/30955_3941977864030_336848896_n-300x200.jpg\"},{\"@type\":\"BreadcrumbList\",\"@id\":\"https:\/\/laplumeetlagomme.fr\/blog\/etre-correcteur-redacteur-professionnel-a-angouleme-vivre-en-charente-un-choix\/#breadcrumb\",\"itemListElement\":[{\"@type\":\"ListItem\",\"position\":1,\"name\":\"Accueil\",\"item\":\"https:\/\/laplumeetlagomme.fr\/blog\/\"},{\"@type\":\"ListItem\",\"position\":2,\"name\":\"\u00catre correcteur-r\u00e9dacteur professionnel \u00e0 Angoul\u00eame, vivre en Charente un choix !\"}]},{\"@type\":\"WebSite\",\"@id\":\"https:\/\/laplumeetlagomme.fr\/blog\/#website\",\"url\":\"https:\/\/laplumeetlagomme.fr\/blog\/\",\"name\":\"La Plume et la Gomme en libert\u00e9\",\"description\":\"\",\"potentialAction\":[{\"@type\":\"SearchAction\",\"target\":{\"@type\":\"EntryPoint\",\"urlTemplate\":\"https:\/\/laplumeetlagomme.fr\/blog\/?s={search_term_string}\"},\"query-input\":{\"@type\":\"PropertyValueSpecification\",\"valueRequired\":true,\"valueName\":\"search_term_string\"}}],\"inLanguage\":\"fr-FR\"},{\"@type\":\"Person\",\"@id\":\"https:\/\/laplumeetlagomme.fr\/blog\/#\/schema\/person\/bbc6945a1afd7b3c56dfe808258c0e8b\",\"name\":\"admin\",\"image\":{\"@type\":\"ImageObject\",\"inLanguage\":\"fr-FR\",\"@id\":\"https:\/\/laplumeetlagomme.fr\/blog\/#\/schema\/person\/image\/\",\"url\":\"https:\/\/secure.gravatar.com\/avatar\/469283ba3d6986a72a303613a00e93320a7b991c8c6395196fa9cd1a6beb3530?s=96&d=mm&r=g\",\"contentUrl\":\"https:\/\/secure.gravatar.com\/avatar\/469283ba3d6986a72a303613a00e93320a7b991c8c6395196fa9cd1a6beb3530?s=96&d=mm&r=g\",\"caption\":\"admin\"},\"url\":\"https:\/\/laplumeetlagomme.fr\/blog\/author\/js_zen\/\"}]}<\/script>\n<!-- \/ Yoast SEO plugin. -->","yoast_head_json":{"title":"\u00catre correcteur-r\u00e9dacteur professionnel \u00e0 Angoul\u00eame, vivre en Charente un choix ! - La Plume et la Gomme en libert\u00e9","robots":{"index":"index","follow":"follow","max-snippet":"max-snippet:-1","max-image-preview":"max-image-preview:large","max-video-preview":"max-video-preview:-1"},"canonical":"https:\/\/laplumeetlagomme.fr\/blog\/etre-correcteur-redacteur-professionnel-a-angouleme-vivre-en-charente-un-choix\/","og_locale":"fr_FR","og_type":"article","og_title":"\u00catre correcteur-r\u00e9dacteur professionnel \u00e0 Angoul\u00eame, vivre en Charente un choix ! - La Plume et la Gomme en libert\u00e9","og_description":"Cette petite phrase suscite bien souvent l\u2019int\u00e9r\u00eat de mon auditoire : pourquoi \u00eatre correcteur et surtout pourquoi l\u00e0\u2026 en Charente ? Et pourquoi pas ! Ici on \u00e9crit comme ailleurs, et surtout malgr\u00e9 notre \u00ab\u00a0forfait campagne\u00a0\u00bb on a Internet, si si je vous assure ! Bien s\u00fbr ce n\u2019est pas le centre du Monde, ni [&hellip;]","og_url":"https:\/\/laplumeetlagomme.fr\/blog\/etre-correcteur-redacteur-professionnel-a-angouleme-vivre-en-charente-un-choix\/","og_site_name":"La Plume et la Gomme en libert\u00e9","article_published_time":"2014-04-26T13:20:36+00:00","article_modified_time":"2014-09-06T08:54:50+00:00","og_image":[{"url":"http:\/\/blog.laplumeetlagomme.fr\/wp-content\/uploads\/2014\/04\/30955_3941977864030_336848896_n-300x200.jpg","type":"","width":"","height":""}],"author":"admin","twitter_card":"summary_large_image","twitter_misc":{"\u00c9crit par":"admin","Dur\u00e9e de lecture estim\u00e9e":"3 minutes"},"schema":{"@context":"https:\/\/schema.org","@graph":[{"@type":"WebPage","@id":"https:\/\/laplumeetlagomme.fr\/blog\/etre-correcteur-redacteur-professionnel-a-angouleme-vivre-en-charente-un-choix\/","url":"https:\/\/laplumeetlagomme.fr\/blog\/etre-correcteur-redacteur-professionnel-a-angouleme-vivre-en-charente-un-choix\/","name":"\u00catre correcteur-r\u00e9dacteur professionnel \u00e0 Angoul\u00eame, vivre en Charente un choix ! - La Plume et la Gomme en libert\u00e9","isPartOf":{"@id":"https:\/\/laplumeetlagomme.fr\/blog\/#website"},"primaryImageOfPage":{"@id":"https:\/\/laplumeetlagomme.fr\/blog\/etre-correcteur-redacteur-professionnel-a-angouleme-vivre-en-charente-un-choix\/#primaryimage"},"image":{"@id":"https:\/\/laplumeetlagomme.fr\/blog\/etre-correcteur-redacteur-professionnel-a-angouleme-vivre-en-charente-un-choix\/#primaryimage"},"thumbnailUrl":"http:\/\/blog.laplumeetlagomme.fr\/wp-content\/uploads\/2014\/04\/30955_3941977864030_336848896_n-300x200.jpg","datePublished":"2014-04-26T13:20:36+00:00","dateModified":"2014-09-06T08:54:50+00:00","author":{"@id":"https:\/\/laplumeetlagomme.fr\/blog\/#\/schema\/person\/bbc6945a1afd7b3c56dfe808258c0e8b"},"breadcrumb":{"@id":"https:\/\/laplumeetlagomme.fr\/blog\/etre-correcteur-redacteur-professionnel-a-angouleme-vivre-en-charente-un-choix\/#breadcrumb"},"inLanguage":"fr-FR","potentialAction":[{"@type":"ReadAction","target":["https:\/\/laplumeetlagomme.fr\/blog\/etre-correcteur-redacteur-professionnel-a-angouleme-vivre-en-charente-un-choix\/"]}]},{"@type":"ImageObject","inLanguage":"fr-FR","@id":"https:\/\/laplumeetlagomme.fr\/blog\/etre-correcteur-redacteur-professionnel-a-angouleme-vivre-en-charente-un-choix\/#primaryimage","url":"http:\/\/blog.laplumeetlagomme.fr\/wp-content\/uploads\/2014\/04\/30955_3941977864030_336848896_n-300x200.jpg","contentUrl":"http:\/\/blog.laplumeetlagomme.fr\/wp-content\/uploads\/2014\/04\/30955_3941977864030_336848896_n-300x200.jpg"},{"@type":"BreadcrumbList","@id":"https:\/\/laplumeetlagomme.fr\/blog\/etre-correcteur-redacteur-professionnel-a-angouleme-vivre-en-charente-un-choix\/#breadcrumb","itemListElement":[{"@type":"ListItem","position":1,"name":"Accueil","item":"https:\/\/laplumeetlagomme.fr\/blog\/"},{"@type":"ListItem","position":2,"name":"\u00catre correcteur-r\u00e9dacteur professionnel \u00e0 Angoul\u00eame, vivre en Charente un choix !"}]},{"@type":"WebSite","@id":"https:\/\/laplumeetlagomme.fr\/blog\/#website","url":"https:\/\/laplumeetlagomme.fr\/blog\/","name":"La Plume et la Gomme en libert\u00e9","description":"","potentialAction":[{"@type":"SearchAction","target":{"@type":"EntryPoint","urlTemplate":"https:\/\/laplumeetlagomme.fr\/blog\/?s={search_term_string}"},"query-input":{"@type":"PropertyValueSpecification","valueRequired":true,"valueName":"search_term_string"}}],"inLanguage":"fr-FR"},{"@type":"Person","@id":"https:\/\/laplumeetlagomme.fr\/blog\/#\/schema\/person\/bbc6945a1afd7b3c56dfe808258c0e8b","name":"admin","image":{"@type":"ImageObject","inLanguage":"fr-FR","@id":"https:\/\/laplumeetlagomme.fr\/blog\/#\/schema\/person\/image\/","url":"https:\/\/secure.gravatar.com\/avatar\/469283ba3d6986a72a303613a00e93320a7b991c8c6395196fa9cd1a6beb3530?s=96&d=mm&r=g","contentUrl":"https:\/\/secure.gravatar.com\/avatar\/469283ba3d6986a72a303613a00e93320a7b991c8c6395196fa9cd1a6beb3530?s=96&d=mm&r=g","caption":"admin"},"url":"https:\/\/laplumeetlagomme.fr\/blog\/author\/js_zen\/"}]}},"_links":{"self":[{"href":"https:\/\/laplumeetlagomme.fr\/blog\/wp-json\/wp\/v2\/posts\/39","targetHints":{"allow":["GET"]}}],"collection":[{"href":"https:\/\/laplumeetlagomme.fr\/blog\/wp-json\/wp\/v2\/posts"}],"about":[{"href":"https:\/\/laplumeetlagomme.fr\/blog\/wp-json\/wp\/v2\/types\/post"}],"author":[{"embeddable":true,"href":"https:\/\/laplumeetlagomme.fr\/blog\/wp-json\/wp\/v2\/users\/1"}],"replies":[{"embeddable":true,"href":"https:\/\/laplumeetlagomme.fr\/blog\/wp-json\/wp\/v2\/comments?post=39"}],"version-history":[{"count":8,"href":"https:\/\/laplumeetlagomme.fr\/blog\/wp-json\/wp\/v2\/posts\/39\/revisions"}],"predecessor-version":[{"id":275,"href":"https:\/\/laplumeetlagomme.fr\/blog\/wp-json\/wp\/v2\/posts\/39\/revisions\/275"}],"wp:attachment":[{"href":"https:\/\/laplumeetlagomme.fr\/blog\/wp-json\/wp\/v2\/media?parent=39"}],"wp:term":[{"taxonomy":"category","embeddable":true,"href":"https:\/\/laplumeetlagomme.fr\/blog\/wp-json\/wp\/v2\/categories?post=39"},{"taxonomy":"post_tag","embeddable":true,"href":"https:\/\/laplumeetlagomme.fr\/blog\/wp-json\/wp\/v2\/tags?post=39"}],"curies":[{"name":"wp","href":"https:\/\/api.w.org\/{rel}","templated":true}]}}