{"id":165,"date":"2014-07-12T18:38:29","date_gmt":"2014-07-12T16:38:29","guid":{"rendered":"http:\/\/blog.laplumeetlagomme.fr\/?p=165"},"modified":"2014-07-12T18:38:29","modified_gmt":"2014-07-12T16:38:29","slug":"de-la-nouveaute-et-beaucoup-de-cafeine-etre-redacteur-web-en-charente","status":"publish","type":"post","link":"https:\/\/laplumeetlagomme.fr\/blog\/de-la-nouveaute-et-beaucoup-de-cafeine-etre-redacteur-web-en-charente\/","title":{"rendered":"De la nouveaut\u00e9 et beaucoup de caf\u00e9ine : \u00eatre r\u00e9dacteur web en Charente !"},"content":{"rendered":"<p style=\"text-align: justify;\">\u00catre r\u00e9dacteur web \u00e0 Angoul\u00eame, a suscit\u00e9 bien souvent le doute et la perplexit\u00e9 de mon entourage. Angoul\u00eame ne serait pas, \u00e0 priori, la ville que l\u2019on choisirait pour y \u00e9tablir une activit\u00e9 novatrice. Grossi\u00e8re erreur. Aujourd\u2019hui je partage mon travail entre Paris, Bordeaux et Saint-\u00c9tienne tout en restant \u00e0 Angoul\u00eame. J&rsquo;aime cette ville peut \u00eatre encore plus maintenant, les gentils \u00ab cagouillards \u00bb se montrent bien plus r\u00e9sistants qu\u2019il n\u2019y para\u00eet ! <!--more--><\/p>\n<div id=\"attachment_166\" style=\"width: 310px\" class=\"wp-caption aligncenter\"><a href=\"http:\/\/blog.laplumeetlagomme.fr\/wp-content\/uploads\/2014\/07\/10450306_10202351606847676_2309699846912576541_o.jpg\"><img loading=\"lazy\" decoding=\"async\" aria-describedby=\"caption-attachment-166\" class=\"wp-image-166 size-medium\" src=\"http:\/\/blog.laplumeetlagomme.fr\/wp-content\/uploads\/2014\/07\/10450306_10202351606847676_2309699846912576541_o-300x225.jpg\" alt=\"Photo personnelle M\u00e9lanie Sorbets www.laplumeetlagomme.fr\" width=\"300\" height=\"225\" \/><\/a><p id=\"caption-attachment-166\" class=\"wp-caption-text\">La belle Angoul\u00eame. Photo personnelle M\u00e9lanie Sorbets, <a href=\"http:\/\/www.laplumeetlagomme.fr\">www.laplumeetlagomme.fr.<\/a><\/p><\/div>\n<h2>Angoul\u00eame la belle endormie\u2026<\/h2>\n<p style=\"text-align: justify;\">Il y a quelques ann\u00e9es encore lorsque nous \u00e9tions lyc\u00e9ens vivre \u00e0 Angoul\u00eame et encore plus s&rsquo;y \u00e9tablir semblait \u00eatre un cauchemar auquel il fallait s\u2019\u00e9chapper \u00e0 tout prix. Alors, sans aucune h\u00e9sitation, nos choix d\u2019orientations \u00e9taient simples : \u00ab Tout mais pas \u00e7a ! \u00bb \u2026 Je crois qu\u2019\u00e0 l\u2019\u00e9poque nous avions raison parce que d\u00e9couvrir d\u2019autres horizons \u00e9tait certainement le meilleur moyen pour nous de savoir mieux appr\u00e9cier ce que nous quittions alors.<\/p>\n<p style=\"text-align: justify;\">Combien d\u2019entre nous sont partis ? Combien d\u2019entre nous sont revenus ?<br \/>\nInd\u00e9niablement nous sommes revenus. De Paris, de Poitiers, de Bordeaux nous sommes \u00e9norm\u00e9ment \u00e0 avoir exauc\u00e9 le v\u0153u si cher \u00e0 nos yeux de revenir sur nos terres. Parce qu\u2019ici le temps se d\u00e9guste, parce qu\u2019ici le soleil n\u2019a pas d\u2019heure et qu\u2019un bonjour ne semble pas suspect, parce qu\u2019ici l\u2019inconnu ne l\u2019est pas longtemps et que lorsque l\u2019on perce la coquille d\u2019un Charentais on le touche droit au c\u0153ur.<\/p>\n<h2 style=\"text-align: justify;\">Angoul\u00eame ou la reine Margot dop\u00e9e \u00e0 la caf\u00e9ine, comme sa r\u00e9dactrice web !<\/h2>\n<div id=\"attachment_167\" style=\"width: 310px\" class=\"wp-caption aligncenter\"><a href=\"http:\/\/blog.laplumeetlagomme.fr\/wp-content\/uploads\/2014\/07\/10397210_10202259963156641_4712987074899527775_o.jpg\"><img loading=\"lazy\" decoding=\"async\" aria-describedby=\"caption-attachment-167\" class=\"size-medium wp-image-167\" src=\"http:\/\/blog.laplumeetlagomme.fr\/wp-content\/uploads\/2014\/07\/10397210_10202259963156641_4712987074899527775_o-300x213.jpg\" alt=\"Photo personnelle M\u00e9lanie Sorbets www.laplumeetlagomme.fr\" width=\"300\" height=\"213\" \/><\/a><p id=\"caption-attachment-167\" class=\"wp-caption-text\">Ma potion magique ! Photo personnelle M\u00e9lanie Sorbets, <a href=\"http:\/\/www.laplumeetlagomme.fr\">www.laplumeetlagomme.fr<\/a><\/p><\/div>\n<p>Ah le caf\u00e9, que serions-nous tous petits \u00e9crivains du web sans ce breuvage magique qui redonnerait vie \u00e0 n\u2019importe quel esprit endormi ? Que nos id\u00e9es seraient courtes sans cette formidable pause caf\u00e9 qui nous fait aller vers l\u2019autre ou nous tourner vers ce que l\u2019on a de plus beau, nos vertes campagnes ? Oui, je l\u2019avoue je suis dop\u00e9e au caf\u00e9\u2026 Et j\u2019en suis fi\u00e8re !<\/p>\n<p>Mais je crois qu\u2019Angoul\u00eame aussi s\u2019est dop\u00e9e \u00e0 une caf\u00e9ine d\u2019une \u00e9trange sorte, plut\u00f4t \u00e0 bulles, plut\u00f4t anim\u00e9e et color\u00e9e. Mais elle bouge et elle avance. Et il y a encore tant de place pour toutes les nouveaut\u00e9s l\u00e0 o\u00f9 ses voisines bordelaises, rochelaises ou pictaviennes en sont sursatur\u00e9es !<\/p>\n<p class=\"_58gi\">Ma plus belle preuve : ce combat magnifique men\u00e9 par une Charentaise qui aurait l\u2019allure d\u2019une r\u00e9sistance d&rsquo;un village d&rsquo;irr\u00e9ductibles gaulois. Non ! Nous ne voulons pas \u00eatre perdus dans une r\u00e9gion qui va enterrer toutes nos plus belles id\u00e9es, tous nos plus beaux espoirs dans un magma d\u2019autres r\u00e9gions sinistr\u00e9es. Nous ne sommes pas sinistr\u00e9s, nous sommes vivants ! Aquitaine, notre plus proche voisine, qu\u2019attends-tu pour nous accueillir sur tes coteaux fertiles ? Allez les Charentais r\u00e9sistons tous ensemble, rendez-vous sur la page Facebook : Pour que la Charente et la Charente Maritime soient ralli\u00e9es \u00e0 l&rsquo;Aquitaine.<\/p>\n<p>M\u00e9lanie Sorbets , <a href=\"http:\/\/www.laplumeetlagomme.fr\">www.laplumeetlagomme.fr<\/a><\/p>\n<p>&nbsp;<\/p>\n<p>&nbsp;<\/p>\n<p>&nbsp;<\/p>\n<p>&nbsp;<\/p>\n<p>&nbsp;<\/p>\n","protected":false},"excerpt":{"rendered":"<p>\u00catre r\u00e9dacteur web \u00e0 Angoul\u00eame, a suscit\u00e9 bien souvent le doute et la perplexit\u00e9 de mon entourage. Angoul\u00eame ne serait pas, \u00e0 priori, la ville que l\u2019on choisirait pour y \u00e9tablir une activit\u00e9 novatrice. Grossi\u00e8re erreur. Aujourd\u2019hui je partage mon travail entre Paris, Bordeaux et Saint-\u00c9tienne tout en restant \u00e0 Angoul\u00eame. J&rsquo;aime cette ville peut [&hellip;]<\/p>\n","protected":false},"author":1,"featured_media":0,"comment_status":"open","ping_status":"open","sticky":false,"template":"","format":"standard","meta":{"footnotes":""},"categories":[],"tags":[],"class_list":["post-165","post","type-post","status-publish","format-standard","hentry"],"yoast_head":"<!-- This site is optimized with the Yoast SEO plugin v24.9 - https:\/\/yoast.com\/wordpress\/plugins\/seo\/ -->\n<title>De la nouveaut\u00e9 et beaucoup de caf\u00e9ine : \u00eatre r\u00e9dacteur web en Charente ! - La Plume et la Gomme en libert\u00e9<\/title>\n<meta name=\"robots\" content=\"index, follow, max-snippet:-1, max-image-preview:large, max-video-preview:-1\" \/>\n<link rel=\"canonical\" href=\"https:\/\/laplumeetlagomme.fr\/blog\/de-la-nouveaute-et-beaucoup-de-cafeine-etre-redacteur-web-en-charente\/\" \/>\n<meta property=\"og:locale\" content=\"fr_FR\" \/>\n<meta property=\"og:type\" content=\"article\" \/>\n<meta property=\"og:title\" content=\"De la nouveaut\u00e9 et beaucoup de caf\u00e9ine : \u00eatre r\u00e9dacteur web en Charente ! - La Plume et la Gomme en libert\u00e9\" \/>\n<meta property=\"og:description\" content=\"\u00catre r\u00e9dacteur web \u00e0 Angoul\u00eame, a suscit\u00e9 bien souvent le doute et la perplexit\u00e9 de mon entourage. Angoul\u00eame ne serait pas, \u00e0 priori, la ville que l\u2019on choisirait pour y \u00e9tablir une activit\u00e9 novatrice. Grossi\u00e8re erreur. Aujourd\u2019hui je partage mon travail entre Paris, Bordeaux et Saint-\u00c9tienne tout en restant \u00e0 Angoul\u00eame. J&rsquo;aime cette ville peut [&hellip;]\" \/>\n<meta property=\"og:url\" content=\"https:\/\/laplumeetlagomme.fr\/blog\/de-la-nouveaute-et-beaucoup-de-cafeine-etre-redacteur-web-en-charente\/\" \/>\n<meta property=\"og:site_name\" content=\"La Plume et la Gomme en libert\u00e9\" \/>\n<meta property=\"article:published_time\" content=\"2014-07-12T16:38:29+00:00\" \/>\n<meta property=\"og:image\" content=\"http:\/\/blog.laplumeetlagomme.fr\/wp-content\/uploads\/2014\/07\/10450306_10202351606847676_2309699846912576541_o-300x225.jpg\" \/>\n<meta name=\"author\" content=\"admin\" \/>\n<meta name=\"twitter:card\" content=\"summary_large_image\" \/>\n<meta name=\"twitter:label1\" content=\"\u00c9crit par\" \/>\n\t<meta name=\"twitter:data1\" content=\"admin\" \/>\n\t<meta name=\"twitter:label2\" content=\"Dur\u00e9e de lecture estim\u00e9e\" \/>\n\t<meta name=\"twitter:data2\" content=\"3 minutes\" \/>\n<script type=\"application\/ld+json\" class=\"yoast-schema-graph\">{\"@context\":\"https:\/\/schema.org\",\"@graph\":[{\"@type\":\"WebPage\",\"@id\":\"https:\/\/laplumeetlagomme.fr\/blog\/de-la-nouveaute-et-beaucoup-de-cafeine-etre-redacteur-web-en-charente\/\",\"url\":\"https:\/\/laplumeetlagomme.fr\/blog\/de-la-nouveaute-et-beaucoup-de-cafeine-etre-redacteur-web-en-charente\/\",\"name\":\"De la nouveaut\u00e9 et beaucoup de caf\u00e9ine : \u00eatre r\u00e9dacteur web en Charente ! - La Plume et la Gomme en libert\u00e9\",\"isPartOf\":{\"@id\":\"https:\/\/laplumeetlagomme.fr\/blog\/#website\"},\"primaryImageOfPage\":{\"@id\":\"https:\/\/laplumeetlagomme.fr\/blog\/de-la-nouveaute-et-beaucoup-de-cafeine-etre-redacteur-web-en-charente\/#primaryimage\"},\"image\":{\"@id\":\"https:\/\/laplumeetlagomme.fr\/blog\/de-la-nouveaute-et-beaucoup-de-cafeine-etre-redacteur-web-en-charente\/#primaryimage\"},\"thumbnailUrl\":\"http:\/\/blog.laplumeetlagomme.fr\/wp-content\/uploads\/2014\/07\/10450306_10202351606847676_2309699846912576541_o-300x225.jpg\",\"datePublished\":\"2014-07-12T16:38:29+00:00\",\"author\":{\"@id\":\"https:\/\/laplumeetlagomme.fr\/blog\/#\/schema\/person\/bbc6945a1afd7b3c56dfe808258c0e8b\"},\"breadcrumb\":{\"@id\":\"https:\/\/laplumeetlagomme.fr\/blog\/de-la-nouveaute-et-beaucoup-de-cafeine-etre-redacteur-web-en-charente\/#breadcrumb\"},\"inLanguage\":\"fr-FR\",\"potentialAction\":[{\"@type\":\"ReadAction\",\"target\":[\"https:\/\/laplumeetlagomme.fr\/blog\/de-la-nouveaute-et-beaucoup-de-cafeine-etre-redacteur-web-en-charente\/\"]}]},{\"@type\":\"ImageObject\",\"inLanguage\":\"fr-FR\",\"@id\":\"https:\/\/laplumeetlagomme.fr\/blog\/de-la-nouveaute-et-beaucoup-de-cafeine-etre-redacteur-web-en-charente\/#primaryimage\",\"url\":\"http:\/\/blog.laplumeetlagomme.fr\/wp-content\/uploads\/2014\/07\/10450306_10202351606847676_2309699846912576541_o-300x225.jpg\",\"contentUrl\":\"http:\/\/blog.laplumeetlagomme.fr\/wp-content\/uploads\/2014\/07\/10450306_10202351606847676_2309699846912576541_o-300x225.jpg\"},{\"@type\":\"BreadcrumbList\",\"@id\":\"https:\/\/laplumeetlagomme.fr\/blog\/de-la-nouveaute-et-beaucoup-de-cafeine-etre-redacteur-web-en-charente\/#breadcrumb\",\"itemListElement\":[{\"@type\":\"ListItem\",\"position\":1,\"name\":\"Accueil\",\"item\":\"https:\/\/laplumeetlagomme.fr\/blog\/\"},{\"@type\":\"ListItem\",\"position\":2,\"name\":\"De la nouveaut\u00e9 et beaucoup de caf\u00e9ine : \u00eatre r\u00e9dacteur web en Charente !\"}]},{\"@type\":\"WebSite\",\"@id\":\"https:\/\/laplumeetlagomme.fr\/blog\/#website\",\"url\":\"https:\/\/laplumeetlagomme.fr\/blog\/\",\"name\":\"La Plume et la Gomme en libert\u00e9\",\"description\":\"\",\"potentialAction\":[{\"@type\":\"SearchAction\",\"target\":{\"@type\":\"EntryPoint\",\"urlTemplate\":\"https:\/\/laplumeetlagomme.fr\/blog\/?s={search_term_string}\"},\"query-input\":{\"@type\":\"PropertyValueSpecification\",\"valueRequired\":true,\"valueName\":\"search_term_string\"}}],\"inLanguage\":\"fr-FR\"},{\"@type\":\"Person\",\"@id\":\"https:\/\/laplumeetlagomme.fr\/blog\/#\/schema\/person\/bbc6945a1afd7b3c56dfe808258c0e8b\",\"name\":\"admin\",\"image\":{\"@type\":\"ImageObject\",\"inLanguage\":\"fr-FR\",\"@id\":\"https:\/\/laplumeetlagomme.fr\/blog\/#\/schema\/person\/image\/\",\"url\":\"https:\/\/secure.gravatar.com\/avatar\/469283ba3d6986a72a303613a00e93320a7b991c8c6395196fa9cd1a6beb3530?s=96&d=mm&r=g\",\"contentUrl\":\"https:\/\/secure.gravatar.com\/avatar\/469283ba3d6986a72a303613a00e93320a7b991c8c6395196fa9cd1a6beb3530?s=96&d=mm&r=g\",\"caption\":\"admin\"},\"url\":\"https:\/\/laplumeetlagomme.fr\/blog\/author\/js_zen\/\"}]}<\/script>\n<!-- \/ Yoast SEO plugin. -->","yoast_head_json":{"title":"De la nouveaut\u00e9 et beaucoup de caf\u00e9ine : \u00eatre r\u00e9dacteur web en Charente ! - La Plume et la Gomme en libert\u00e9","robots":{"index":"index","follow":"follow","max-snippet":"max-snippet:-1","max-image-preview":"max-image-preview:large","max-video-preview":"max-video-preview:-1"},"canonical":"https:\/\/laplumeetlagomme.fr\/blog\/de-la-nouveaute-et-beaucoup-de-cafeine-etre-redacteur-web-en-charente\/","og_locale":"fr_FR","og_type":"article","og_title":"De la nouveaut\u00e9 et beaucoup de caf\u00e9ine : \u00eatre r\u00e9dacteur web en Charente ! - La Plume et la Gomme en libert\u00e9","og_description":"\u00catre r\u00e9dacteur web \u00e0 Angoul\u00eame, a suscit\u00e9 bien souvent le doute et la perplexit\u00e9 de mon entourage. Angoul\u00eame ne serait pas, \u00e0 priori, la ville que l\u2019on choisirait pour y \u00e9tablir une activit\u00e9 novatrice. Grossi\u00e8re erreur. Aujourd\u2019hui je partage mon travail entre Paris, Bordeaux et Saint-\u00c9tienne tout en restant \u00e0 Angoul\u00eame. J&rsquo;aime cette ville peut [&hellip;]","og_url":"https:\/\/laplumeetlagomme.fr\/blog\/de-la-nouveaute-et-beaucoup-de-cafeine-etre-redacteur-web-en-charente\/","og_site_name":"La Plume et la Gomme en libert\u00e9","article_published_time":"2014-07-12T16:38:29+00:00","og_image":[{"url":"http:\/\/blog.laplumeetlagomme.fr\/wp-content\/uploads\/2014\/07\/10450306_10202351606847676_2309699846912576541_o-300x225.jpg","type":"","width":"","height":""}],"author":"admin","twitter_card":"summary_large_image","twitter_misc":{"\u00c9crit par":"admin","Dur\u00e9e de lecture estim\u00e9e":"3 minutes"},"schema":{"@context":"https:\/\/schema.org","@graph":[{"@type":"WebPage","@id":"https:\/\/laplumeetlagomme.fr\/blog\/de-la-nouveaute-et-beaucoup-de-cafeine-etre-redacteur-web-en-charente\/","url":"https:\/\/laplumeetlagomme.fr\/blog\/de-la-nouveaute-et-beaucoup-de-cafeine-etre-redacteur-web-en-charente\/","name":"De la nouveaut\u00e9 et beaucoup de caf\u00e9ine : \u00eatre r\u00e9dacteur web en Charente ! - La Plume et la Gomme en libert\u00e9","isPartOf":{"@id":"https:\/\/laplumeetlagomme.fr\/blog\/#website"},"primaryImageOfPage":{"@id":"https:\/\/laplumeetlagomme.fr\/blog\/de-la-nouveaute-et-beaucoup-de-cafeine-etre-redacteur-web-en-charente\/#primaryimage"},"image":{"@id":"https:\/\/laplumeetlagomme.fr\/blog\/de-la-nouveaute-et-beaucoup-de-cafeine-etre-redacteur-web-en-charente\/#primaryimage"},"thumbnailUrl":"http:\/\/blog.laplumeetlagomme.fr\/wp-content\/uploads\/2014\/07\/10450306_10202351606847676_2309699846912576541_o-300x225.jpg","datePublished":"2014-07-12T16:38:29+00:00","author":{"@id":"https:\/\/laplumeetlagomme.fr\/blog\/#\/schema\/person\/bbc6945a1afd7b3c56dfe808258c0e8b"},"breadcrumb":{"@id":"https:\/\/laplumeetlagomme.fr\/blog\/de-la-nouveaute-et-beaucoup-de-cafeine-etre-redacteur-web-en-charente\/#breadcrumb"},"inLanguage":"fr-FR","potentialAction":[{"@type":"ReadAction","target":["https:\/\/laplumeetlagomme.fr\/blog\/de-la-nouveaute-et-beaucoup-de-cafeine-etre-redacteur-web-en-charente\/"]}]},{"@type":"ImageObject","inLanguage":"fr-FR","@id":"https:\/\/laplumeetlagomme.fr\/blog\/de-la-nouveaute-et-beaucoup-de-cafeine-etre-redacteur-web-en-charente\/#primaryimage","url":"http:\/\/blog.laplumeetlagomme.fr\/wp-content\/uploads\/2014\/07\/10450306_10202351606847676_2309699846912576541_o-300x225.jpg","contentUrl":"http:\/\/blog.laplumeetlagomme.fr\/wp-content\/uploads\/2014\/07\/10450306_10202351606847676_2309699846912576541_o-300x225.jpg"},{"@type":"BreadcrumbList","@id":"https:\/\/laplumeetlagomme.fr\/blog\/de-la-nouveaute-et-beaucoup-de-cafeine-etre-redacteur-web-en-charente\/#breadcrumb","itemListElement":[{"@type":"ListItem","position":1,"name":"Accueil","item":"https:\/\/laplumeetlagomme.fr\/blog\/"},{"@type":"ListItem","position":2,"name":"De la nouveaut\u00e9 et beaucoup de caf\u00e9ine : \u00eatre r\u00e9dacteur web en Charente !"}]},{"@type":"WebSite","@id":"https:\/\/laplumeetlagomme.fr\/blog\/#website","url":"https:\/\/laplumeetlagomme.fr\/blog\/","name":"La Plume et la Gomme en libert\u00e9","description":"","potentialAction":[{"@type":"SearchAction","target":{"@type":"EntryPoint","urlTemplate":"https:\/\/laplumeetlagomme.fr\/blog\/?s={search_term_string}"},"query-input":{"@type":"PropertyValueSpecification","valueRequired":true,"valueName":"search_term_string"}}],"inLanguage":"fr-FR"},{"@type":"Person","@id":"https:\/\/laplumeetlagomme.fr\/blog\/#\/schema\/person\/bbc6945a1afd7b3c56dfe808258c0e8b","name":"admin","image":{"@type":"ImageObject","inLanguage":"fr-FR","@id":"https:\/\/laplumeetlagomme.fr\/blog\/#\/schema\/person\/image\/","url":"https:\/\/secure.gravatar.com\/avatar\/469283ba3d6986a72a303613a00e93320a7b991c8c6395196fa9cd1a6beb3530?s=96&d=mm&r=g","contentUrl":"https:\/\/secure.gravatar.com\/avatar\/469283ba3d6986a72a303613a00e93320a7b991c8c6395196fa9cd1a6beb3530?s=96&d=mm&r=g","caption":"admin"},"url":"https:\/\/laplumeetlagomme.fr\/blog\/author\/js_zen\/"}]}},"_links":{"self":[{"href":"https:\/\/laplumeetlagomme.fr\/blog\/wp-json\/wp\/v2\/posts\/165","targetHints":{"allow":["GET"]}}],"collection":[{"href":"https:\/\/laplumeetlagomme.fr\/blog\/wp-json\/wp\/v2\/posts"}],"about":[{"href":"https:\/\/laplumeetlagomme.fr\/blog\/wp-json\/wp\/v2\/types\/post"}],"author":[{"embeddable":true,"href":"https:\/\/laplumeetlagomme.fr\/blog\/wp-json\/wp\/v2\/users\/1"}],"replies":[{"embeddable":true,"href":"https:\/\/laplumeetlagomme.fr\/blog\/wp-json\/wp\/v2\/comments?post=165"}],"version-history":[{"count":3,"href":"https:\/\/laplumeetlagomme.fr\/blog\/wp-json\/wp\/v2\/posts\/165\/revisions"}],"predecessor-version":[{"id":170,"href":"https:\/\/laplumeetlagomme.fr\/blog\/wp-json\/wp\/v2\/posts\/165\/revisions\/170"}],"wp:attachment":[{"href":"https:\/\/laplumeetlagomme.fr\/blog\/wp-json\/wp\/v2\/media?parent=165"}],"wp:term":[{"taxonomy":"category","embeddable":true,"href":"https:\/\/laplumeetlagomme.fr\/blog\/wp-json\/wp\/v2\/categories?post=165"},{"taxonomy":"post_tag","embeddable":true,"href":"https:\/\/laplumeetlagomme.fr\/blog\/wp-json\/wp\/v2\/tags?post=165"}],"curies":[{"name":"wp","href":"https:\/\/api.w.org\/{rel}","templated":true}]}}